{"id":11618,"date":"2020-01-09T15:59:20","date_gmt":"2020-01-09T17:59:20","guid":{"rendered":"https:\/\/www.epimedsolutions.com\/?p=11618"},"modified":"2020-02-18T14:44:49","modified_gmt":"2020-02-18T17:44:49","slug":"journee-nationale-mica-belgique-premiere-edition-du-congres-anuel","status":"publish","type":"post","link":"https:\/\/www.epimedsolutions.com\/fr\/journee-nationale-mica-belgique-premiere-edition-du-congres-anuel\/","title":{"rendered":"Journ\u00e9e Nationale MICA \u2013 Belgique \u2013 Premi\u00e8re Edition du Congr\u00e8s Anuel:"},"content":{"rendered":"<p><img loading=\"lazy\" decoding=\"async\" class=\"aligncenter size-full wp-image-1961\" src=\"http:\/\/www.epimedsolutions.com\/wp-content\/uploads\/2018\/09\/mica-national-day-blog-3.jpg\" alt=\"\" width=\"454\" height=\"281\"><\/p>\n<h6 style=\"text-align: center;\">Dr. Didier Ledoux du CHU de Li\u00e8ge<\/h6>\n<p>Le 28 septembre, s\u2019est tenu \u00e0 l\u2019H\u00f4tel Hilton Bruxelles en Belgique le premier Congr\u00e8s Journ\u00e9e Nationale MICA, organis\u00e9 par le comit\u00e9 MICA Project (Monitoring Intensive Care Activities) et parrain\u00e9 par Epimed Solutions. D\u2019importants acteurs des soins intensifs de la r\u00e9gion ont particip\u00e9 \u00e0 l\u2019\u00e9v\u00e8nement, dans le principal objectif de d\u00e9battre au sujet du profil \u00e9pid\u00e9miologique des patients belges..<\/p>\n<p>Des conf\u00e9rences et des d\u00e9bats sur les meilleures pratiques en mati\u00e8re de qualit\u00e9 et performance des unit\u00e9s de soins intensifs en Belgique se sont tenus pour promouvoir les derni\u00e8res \u00e9tudes et informations sur le sujet. Le projet MICA (<a href=\"http:\/\/www.micaproject.be%29\/\">www.micaproject.be)<\/a>&nbsp;enregistre les donn\u00e9es \u00e9pid\u00e9miologiques de Belgique, il collecte et analyse ces donn\u00e9es gr\u00e2ce au Syst\u00e8me Epimed Monitor \u2013 USI Adulte.<\/p>\n<p><img loading=\"lazy\" decoding=\"async\" class=\"aligncenter wp-image-1962\" src=\"http:\/\/www.epimedsolutions.com\/wp-content\/uploads\/2018\/09\/2208882378412351494.jpg\" alt=\"\" width=\"507\" height=\"285\"><\/p>\n<h6 style=\"text-align: center;\">Dr. Dominique Benoit de l\u2019 h\u00f4pital UZ Gent<\/h6>\n<p><img loading=\"lazy\" decoding=\"async\" class=\"aligncenter wp-image-1963\" src=\"http:\/\/www.epimedsolutions.com\/wp-content\/uploads\/2018\/09\/7775437633312421923.jpg\" alt=\"\" width=\"513\" height=\"684\"><\/p>\n<h6 style=\"text-align: center;\">Dr. Jan de Waele de l\u2019h\u00f4pital UZ Gent<\/h6>\n<p><img loading=\"lazy\" decoding=\"async\" class=\"aligncenter wp-image-1965\" src=\"http:\/\/www.epimedsolutions.com\/wp-content\/uploads\/2018\/09\/3953035937336861784.jpg\" alt=\"\" width=\"511\" height=\"681\"><\/p>\n<div class=\"entry-content col-md-11 aligncenter\">\n<div id=\"modal-ready\">\n<h6 style=\"text-align: center;\">Geert Meyfroidt de l\u2019h\u00f4pital UZ Leuven<\/h6>\n<\/div>\n<\/div>\n<div><\/div>\n","protected":false},"excerpt":{"rendered":"<p>Dr. Didier Ledoux du CHU de Li\u00e8ge Le 28 septembre, s\u2019est tenu \u00e0 l\u2019H\u00f4tel Hilton Bruxelles en Belgique le premier Congr\u00e8s Journ\u00e9e Nationale MICA, organis\u00e9 par le comit\u00e9 MICA Project (Monitoring Intensive Care Activities) et parrain\u00e9 par Epimed Solutions. D\u2019importants [&hellip;]<\/p>\n","protected":false},"author":1,"featured_media":9157,"comment_status":"open","ping_status":"open","sticky":false,"template":"","format":"standard","meta":{"_acf_changed":false,"footnotes":""},"categories":[119,157],"tags":[],"class_list":["post-11618","post","type-post","status-publish","format-standard","has-post-thumbnail","hentry","category-blog","category-blog-2"],"acf":[],"yoast_head":"<!-- This site is optimized with the Yoast SEO plugin v27.2 - https:\/\/yoast.com\/product\/yoast-seo-wordpress\/ -->\r\n<title>Journ\u00e9e Nationale MICA \u2013 Belgique \u2013 Premi\u00e8re Edition du Congr\u00e8s Anuel: - Epimed Solutions<\/title>\r\n<meta name=\"robots\" content=\"index, follow, max-snippet:-1, max-image-preview:large, max-video-preview:-1\" \/>\r\n<link rel=\"canonical\" href=\"https:\/\/www.epimedsolutions.com\/fr\/journee-nationale-mica-belgique-premiere-edition-du-congres-anuel\/\" \/>\r\n<meta property=\"og:locale\" content=\"fr_FR\" \/>\r\n<meta property=\"og:type\" content=\"article\" \/>\r\n<meta property=\"og:title\" content=\"Journ\u00e9e Nationale MICA \u2013 Belgique \u2013 Premi\u00e8re Edition du Congr\u00e8s Anuel: - Epimed Solutions\" \/>\r\n<meta property=\"og:description\" content=\"Dr. Didier Ledoux du CHU de Li\u00e8ge Le 28 septembre, s\u2019est tenu \u00e0 l\u2019H\u00f4tel Hilton Bruxelles en Belgique le premier Congr\u00e8s Journ\u00e9e Nationale MICA, organis\u00e9 par le comit\u00e9 MICA Project (Monitoring Intensive Care Activities) et parrain\u00e9 par Epimed Solutions. D\u2019importants [&hellip;]\" \/>\r\n<meta property=\"og:url\" content=\"https:\/\/www.epimedsolutions.com\/fr\/journee-nationale-mica-belgique-premiere-edition-du-congres-anuel\/\" \/>\r\n<meta property=\"og:site_name\" content=\"Epimed Solutions\" \/>\r\n<meta property=\"article:publisher\" content=\"https:\/\/www.facebook.com\/epimed\/\" \/>\r\n<meta property=\"article:published_time\" content=\"2020-01-09T17:59:20+00:00\" \/>\r\n<meta property=\"article:modified_time\" content=\"2020-02-18T17:44:49+00:00\" \/>\r\n<meta property=\"og:image\" content=\"https:\/\/www.epimedsolutions.com\/wp-content\/uploads\/2019\/04\/epimed-solutions-MICA-FIRST-NATIONAL-DAY.jpg\" \/>\r\n\t<meta property=\"og:image:width\" content=\"1300\" \/>\r\n\t<meta property=\"og:image:height\" content=\"740\" \/>\r\n\t<meta property=\"og:image:type\" content=\"image\/jpeg\" \/>\r\n<meta name=\"author\" content=\"admin\" \/>\r\n<meta name=\"twitter:card\" content=\"summary_large_image\" \/>\r\n<meta name=\"twitter:creator\" content=\"@epimed\" \/>\r\n<meta name=\"twitter:site\" content=\"@epimed\" \/>\r\n<meta name=\"twitter:label1\" content=\"\u00c9crit par\" \/>\n\t<meta name=\"twitter:data1\" content=\"admin\" \/>\n\t<meta name=\"twitter:label2\" content=\"Dur\u00e9e de lecture estim\u00e9e\" \/>\n\t<meta name=\"twitter:data2\" content=\"1 minute\" \/>\r\n<script type=\"application\/ld+json\" class=\"yoast-schema-graph\">{\"@context\":\"https:\/\/schema.org\",\"@graph\":[{\"@type\":\"Article\",\"@id\":\"https:\/\/www.epimedsolutions.com\/fr\/journee-nationale-mica-belgique-premiere-edition-du-congres-anuel\/#article\",\"isPartOf\":{\"@id\":\"https:\/\/www.epimedsolutions.com\/fr\/journee-nationale-mica-belgique-premiere-edition-du-congres-anuel\/\"},\"author\":{\"name\":\"admin\",\"@id\":\"https:\/\/www.epimedsolutions.com\/fr\/#\/schema\/person\/96be0eafc867bb71e77352d0b2deb1c8\"},\"headline\":\"Journ\u00e9e Nationale MICA \u2013 Belgique \u2013 Premi\u00e8re Edition du Congr\u00e8s Anuel:\",\"datePublished\":\"2020-01-09T17:59:20+00:00\",\"dateModified\":\"2020-02-18T17:44:49+00:00\",\"mainEntityOfPage\":{\"@id\":\"https:\/\/www.epimedsolutions.com\/fr\/journee-nationale-mica-belgique-premiere-edition-du-congres-anuel\/\"},\"wordCount\":184,\"commentCount\":0,\"publisher\":{\"@id\":\"https:\/\/www.epimedsolutions.com\/fr\/#organization\"},\"image\":{\"@id\":\"https:\/\/www.epimedsolutions.com\/fr\/journee-nationale-mica-belgique-premiere-edition-du-congres-anuel\/#primaryimage\"},\"thumbnailUrl\":\"https:\/\/www.epimedsolutions.com\/wp-content\/uploads\/2019\/04\/epimed-solutions-MICA-FIRST-NATIONAL-DAY.jpg\",\"articleSection\":[\"Blog\",\"Blog\"],\"inLanguage\":\"fr-FR\",\"potentialAction\":[{\"@type\":\"CommentAction\",\"name\":\"Comment\",\"target\":[\"https:\/\/www.epimedsolutions.com\/fr\/journee-nationale-mica-belgique-premiere-edition-du-congres-anuel\/#respond\"]}]},{\"@type\":\"WebPage\",\"@id\":\"https:\/\/www.epimedsolutions.com\/fr\/journee-nationale-mica-belgique-premiere-edition-du-congres-anuel\/\",\"url\":\"https:\/\/www.epimedsolutions.com\/fr\/journee-nationale-mica-belgique-premiere-edition-du-congres-anuel\/\",\"name\":\"Journ\u00e9e Nationale MICA \u2013 Belgique \u2013 Premi\u00e8re Edition du Congr\u00e8s Anuel: - Epimed Solutions\",\"isPartOf\":{\"@id\":\"https:\/\/www.epimedsolutions.com\/fr\/#website\"},\"primaryImageOfPage\":{\"@id\":\"https:\/\/www.epimedsolutions.com\/fr\/journee-nationale-mica-belgique-premiere-edition-du-congres-anuel\/#primaryimage\"},\"image\":{\"@id\":\"https:\/\/www.epimedsolutions.com\/fr\/journee-nationale-mica-belgique-premiere-edition-du-congres-anuel\/#primaryimage\"},\"thumbnailUrl\":\"https:\/\/www.epimedsolutions.com\/wp-content\/uploads\/2019\/04\/epimed-solutions-MICA-FIRST-NATIONAL-DAY.jpg\",\"datePublished\":\"2020-01-09T17:59:20+00:00\",\"dateModified\":\"2020-02-18T17:44:49+00:00\",\"breadcrumb\":{\"@id\":\"https:\/\/www.epimedsolutions.com\/fr\/journee-nationale-mica-belgique-premiere-edition-du-congres-anuel\/#breadcrumb\"},\"inLanguage\":\"fr-FR\",\"potentialAction\":[{\"@type\":\"ReadAction\",\"target\":[\"https:\/\/www.epimedsolutions.com\/fr\/journee-nationale-mica-belgique-premiere-edition-du-congres-anuel\/\"]}]},{\"@type\":\"ImageObject\",\"inLanguage\":\"fr-FR\",\"@id\":\"https:\/\/www.epimedsolutions.com\/fr\/journee-nationale-mica-belgique-premiere-edition-du-congres-anuel\/#primaryimage\",\"url\":\"https:\/\/www.epimedsolutions.com\/wp-content\/uploads\/2019\/04\/epimed-solutions-MICA-FIRST-NATIONAL-DAY.jpg\",\"contentUrl\":\"https:\/\/www.epimedsolutions.com\/wp-content\/uploads\/2019\/04\/epimed-solutions-MICA-FIRST-NATIONAL-DAY.jpg\",\"width\":1300,\"height\":740},{\"@type\":\"BreadcrumbList\",\"@id\":\"https:\/\/www.epimedsolutions.com\/fr\/journee-nationale-mica-belgique-premiere-edition-du-congres-anuel\/#breadcrumb\",\"itemListElement\":[{\"@type\":\"ListItem\",\"position\":1,\"name\":\"In\u00edcio\",\"item\":\"https:\/\/www.epimedsolutions.com\/fr\/\"},{\"@type\":\"ListItem\",\"position\":2,\"name\":\"Journ\u00e9e Nationale MICA \u2013 Belgique \u2013 Premi\u00e8re Edition du Congr\u00e8s Anuel:\"}]},{\"@type\":\"WebSite\",\"@id\":\"https:\/\/www.epimedsolutions.com\/fr\/#website\",\"url\":\"https:\/\/www.epimedsolutions.com\/fr\/\",\"name\":\"Epimed Solutions\",\"description\":\"\",\"publisher\":{\"@id\":\"https:\/\/www.epimedsolutions.com\/fr\/#organization\"},\"potentialAction\":[{\"@type\":\"SearchAction\",\"target\":{\"@type\":\"EntryPoint\",\"urlTemplate\":\"https:\/\/www.epimedsolutions.com\/fr\/?s={search_term_string}\"},\"query-input\":{\"@type\":\"PropertyValueSpecification\",\"valueRequired\":true,\"valueName\":\"search_term_string\"}}],\"inLanguage\":\"fr-FR\"},{\"@type\":\"Organization\",\"@id\":\"https:\/\/www.epimedsolutions.com\/fr\/#organization\",\"name\":\"Epimed Solutions\",\"url\":\"https:\/\/www.epimedsolutions.com\/fr\/\",\"logo\":{\"@type\":\"ImageObject\",\"inLanguage\":\"fr-FR\",\"@id\":\"https:\/\/www.epimedsolutions.com\/fr\/#\/schema\/logo\/image\/\",\"url\":\"https:\/\/epimedsolutions.com\/wp-content\/uploads\/2020\/04\/logo-epimed-1.png\",\"contentUrl\":\"https:\/\/epimedsolutions.com\/wp-content\/uploads\/2020\/04\/logo-epimed-1.png\",\"width\":400,\"height\":193,\"caption\":\"Epimed Solutions\"},\"image\":{\"@id\":\"https:\/\/www.epimedsolutions.com\/fr\/#\/schema\/logo\/image\/\"},\"sameAs\":[\"https:\/\/www.facebook.com\/epimed\/\",\"https:\/\/x.com\/epimed\",\"https:\/\/www.instagram.com\/epimedsolutions\/\",\"https:\/\/www.youtube.com\/user\/epimedsolutions\/\"]},{\"@type\":\"Person\",\"@id\":\"https:\/\/www.epimedsolutions.com\/fr\/#\/schema\/person\/96be0eafc867bb71e77352d0b2deb1c8\",\"name\":\"admin\",\"image\":{\"@type\":\"ImageObject\",\"inLanguage\":\"fr-FR\",\"@id\":\"https:\/\/secure.gravatar.com\/avatar\/534d6fdc60224c47192e5dc594fe3e422ba08007437fc132eaa100790996bcf9?s=96&d=mm&r=g\",\"url\":\"https:\/\/secure.gravatar.com\/avatar\/534d6fdc60224c47192e5dc594fe3e422ba08007437fc132eaa100790996bcf9?s=96&d=mm&r=g\",\"contentUrl\":\"https:\/\/secure.gravatar.com\/avatar\/534d6fdc60224c47192e5dc594fe3e422ba08007437fc132eaa100790996bcf9?s=96&d=mm&r=g\",\"caption\":\"admin\"},\"url\":\"https:\/\/www.epimedsolutions.com\/fr\/author\/admin\/\"}]}<\/script>\r\n<!-- \/ Yoast SEO plugin. -->","yoast_head_json":{"title":"Journ\u00e9e Nationale MICA \u2013 Belgique \u2013 Premi\u00e8re Edition du Congr\u00e8s Anuel: - Epimed Solutions","robots":{"index":"index","follow":"follow","max-snippet":"max-snippet:-1","max-image-preview":"max-image-preview:large","max-video-preview":"max-video-preview:-1"},"canonical":"https:\/\/www.epimedsolutions.com\/fr\/journee-nationale-mica-belgique-premiere-edition-du-congres-anuel\/","og_locale":"fr_FR","og_type":"article","og_title":"Journ\u00e9e Nationale MICA \u2013 Belgique \u2013 Premi\u00e8re Edition du Congr\u00e8s Anuel: - Epimed Solutions","og_description":"Dr. Didier Ledoux du CHU de Li\u00e8ge Le 28 septembre, s\u2019est tenu \u00e0 l\u2019H\u00f4tel Hilton Bruxelles en Belgique le premier Congr\u00e8s Journ\u00e9e Nationale MICA, organis\u00e9 par le comit\u00e9 MICA Project (Monitoring Intensive Care Activities) et parrain\u00e9 par Epimed Solutions. D\u2019importants [&hellip;]","og_url":"https:\/\/www.epimedsolutions.com\/fr\/journee-nationale-mica-belgique-premiere-edition-du-congres-anuel\/","og_site_name":"Epimed Solutions","article_publisher":"https:\/\/www.facebook.com\/epimed\/","article_published_time":"2020-01-09T17:59:20+00:00","article_modified_time":"2020-02-18T17:44:49+00:00","og_image":[{"width":1300,"height":740,"url":"https:\/\/www.epimedsolutions.com\/wp-content\/uploads\/2019\/04\/epimed-solutions-MICA-FIRST-NATIONAL-DAY.jpg","type":"image\/jpeg"}],"author":"admin","twitter_card":"summary_large_image","twitter_creator":"@epimed","twitter_site":"@epimed","twitter_misc":{"\u00c9crit par":"admin","Dur\u00e9e de lecture estim\u00e9e":"1 minute"},"schema":{"@context":"https:\/\/schema.org","@graph":[{"@type":"Article","@id":"https:\/\/www.epimedsolutions.com\/fr\/journee-nationale-mica-belgique-premiere-edition-du-congres-anuel\/#article","isPartOf":{"@id":"https:\/\/www.epimedsolutions.com\/fr\/journee-nationale-mica-belgique-premiere-edition-du-congres-anuel\/"},"author":{"name":"admin","@id":"https:\/\/www.epimedsolutions.com\/fr\/#\/schema\/person\/96be0eafc867bb71e77352d0b2deb1c8"},"headline":"Journ\u00e9e Nationale MICA \u2013 Belgique \u2013 Premi\u00e8re Edition du Congr\u00e8s Anuel:","datePublished":"2020-01-09T17:59:20+00:00","dateModified":"2020-02-18T17:44:49+00:00","mainEntityOfPage":{"@id":"https:\/\/www.epimedsolutions.com\/fr\/journee-nationale-mica-belgique-premiere-edition-du-congres-anuel\/"},"wordCount":184,"commentCount":0,"publisher":{"@id":"https:\/\/www.epimedsolutions.com\/fr\/#organization"},"image":{"@id":"https:\/\/www.epimedsolutions.com\/fr\/journee-nationale-mica-belgique-premiere-edition-du-congres-anuel\/#primaryimage"},"thumbnailUrl":"https:\/\/www.epimedsolutions.com\/wp-content\/uploads\/2019\/04\/epimed-solutions-MICA-FIRST-NATIONAL-DAY.jpg","articleSection":["Blog","Blog"],"inLanguage":"fr-FR","potentialAction":[{"@type":"CommentAction","name":"Comment","target":["https:\/\/www.epimedsolutions.com\/fr\/journee-nationale-mica-belgique-premiere-edition-du-congres-anuel\/#respond"]}]},{"@type":"WebPage","@id":"https:\/\/www.epimedsolutions.com\/fr\/journee-nationale-mica-belgique-premiere-edition-du-congres-anuel\/","url":"https:\/\/www.epimedsolutions.com\/fr\/journee-nationale-mica-belgique-premiere-edition-du-congres-anuel\/","name":"Journ\u00e9e Nationale MICA \u2013 Belgique \u2013 Premi\u00e8re Edition du Congr\u00e8s Anuel: - Epimed Solutions","isPartOf":{"@id":"https:\/\/www.epimedsolutions.com\/fr\/#website"},"primaryImageOfPage":{"@id":"https:\/\/www.epimedsolutions.com\/fr\/journee-nationale-mica-belgique-premiere-edition-du-congres-anuel\/#primaryimage"},"image":{"@id":"https:\/\/www.epimedsolutions.com\/fr\/journee-nationale-mica-belgique-premiere-edition-du-congres-anuel\/#primaryimage"},"thumbnailUrl":"https:\/\/www.epimedsolutions.com\/wp-content\/uploads\/2019\/04\/epimed-solutions-MICA-FIRST-NATIONAL-DAY.jpg","datePublished":"2020-01-09T17:59:20+00:00","dateModified":"2020-02-18T17:44:49+00:00","breadcrumb":{"@id":"https:\/\/www.epimedsolutions.com\/fr\/journee-nationale-mica-belgique-premiere-edition-du-congres-anuel\/#breadcrumb"},"inLanguage":"fr-FR","potentialAction":[{"@type":"ReadAction","target":["https:\/\/www.epimedsolutions.com\/fr\/journee-nationale-mica-belgique-premiere-edition-du-congres-anuel\/"]}]},{"@type":"ImageObject","inLanguage":"fr-FR","@id":"https:\/\/www.epimedsolutions.com\/fr\/journee-nationale-mica-belgique-premiere-edition-du-congres-anuel\/#primaryimage","url":"https:\/\/www.epimedsolutions.com\/wp-content\/uploads\/2019\/04\/epimed-solutions-MICA-FIRST-NATIONAL-DAY.jpg","contentUrl":"https:\/\/www.epimedsolutions.com\/wp-content\/uploads\/2019\/04\/epimed-solutions-MICA-FIRST-NATIONAL-DAY.jpg","width":1300,"height":740},{"@type":"BreadcrumbList","@id":"https:\/\/www.epimedsolutions.com\/fr\/journee-nationale-mica-belgique-premiere-edition-du-congres-anuel\/#breadcrumb","itemListElement":[{"@type":"ListItem","position":1,"name":"In\u00edcio","item":"https:\/\/www.epimedsolutions.com\/fr\/"},{"@type":"ListItem","position":2,"name":"Journ\u00e9e Nationale MICA \u2013 Belgique \u2013 Premi\u00e8re Edition du Congr\u00e8s Anuel:"}]},{"@type":"WebSite","@id":"https:\/\/www.epimedsolutions.com\/fr\/#website","url":"https:\/\/www.epimedsolutions.com\/fr\/","name":"Epimed Solutions","description":"","publisher":{"@id":"https:\/\/www.epimedsolutions.com\/fr\/#organization"},"potentialAction":[{"@type":"SearchAction","target":{"@type":"EntryPoint","urlTemplate":"https:\/\/www.epimedsolutions.com\/fr\/?s={search_term_string}"},"query-input":{"@type":"PropertyValueSpecification","valueRequired":true,"valueName":"search_term_string"}}],"inLanguage":"fr-FR"},{"@type":"Organization","@id":"https:\/\/www.epimedsolutions.com\/fr\/#organization","name":"Epimed Solutions","url":"https:\/\/www.epimedsolutions.com\/fr\/","logo":{"@type":"ImageObject","inLanguage":"fr-FR","@id":"https:\/\/www.epimedsolutions.com\/fr\/#\/schema\/logo\/image\/","url":"https:\/\/epimedsolutions.com\/wp-content\/uploads\/2020\/04\/logo-epimed-1.png","contentUrl":"https:\/\/epimedsolutions.com\/wp-content\/uploads\/2020\/04\/logo-epimed-1.png","width":400,"height":193,"caption":"Epimed Solutions"},"image":{"@id":"https:\/\/www.epimedsolutions.com\/fr\/#\/schema\/logo\/image\/"},"sameAs":["https:\/\/www.facebook.com\/epimed\/","https:\/\/x.com\/epimed","https:\/\/www.instagram.com\/epimedsolutions\/","https:\/\/www.youtube.com\/user\/epimedsolutions\/"]},{"@type":"Person","@id":"https:\/\/www.epimedsolutions.com\/fr\/#\/schema\/person\/96be0eafc867bb71e77352d0b2deb1c8","name":"admin","image":{"@type":"ImageObject","inLanguage":"fr-FR","@id":"https:\/\/secure.gravatar.com\/avatar\/534d6fdc60224c47192e5dc594fe3e422ba08007437fc132eaa100790996bcf9?s=96&d=mm&r=g","url":"https:\/\/secure.gravatar.com\/avatar\/534d6fdc60224c47192e5dc594fe3e422ba08007437fc132eaa100790996bcf9?s=96&d=mm&r=g","contentUrl":"https:\/\/secure.gravatar.com\/avatar\/534d6fdc60224c47192e5dc594fe3e422ba08007437fc132eaa100790996bcf9?s=96&d=mm&r=g","caption":"admin"},"url":"https:\/\/www.epimedsolutions.com\/fr\/author\/admin\/"}]}},"_links":{"self":[{"href":"https:\/\/www.epimedsolutions.com\/fr\/wp-json\/wp\/v2\/posts\/11618","targetHints":{"allow":["GET"]}}],"collection":[{"href":"https:\/\/www.epimedsolutions.com\/fr\/wp-json\/wp\/v2\/posts"}],"about":[{"href":"https:\/\/www.epimedsolutions.com\/fr\/wp-json\/wp\/v2\/types\/post"}],"author":[{"embeddable":true,"href":"https:\/\/www.epimedsolutions.com\/fr\/wp-json\/wp\/v2\/users\/1"}],"replies":[{"embeddable":true,"href":"https:\/\/www.epimedsolutions.com\/fr\/wp-json\/wp\/v2\/comments?post=11618"}],"version-history":[{"count":0,"href":"https:\/\/www.epimedsolutions.com\/fr\/wp-json\/wp\/v2\/posts\/11618\/revisions"}],"wp:featuredmedia":[{"embeddable":true,"href":"https:\/\/www.epimedsolutions.com\/fr\/wp-json\/wp\/v2\/media\/9157"}],"wp:attachment":[{"href":"https:\/\/www.epimedsolutions.com\/fr\/wp-json\/wp\/v2\/media?parent=11618"}],"wp:term":[{"taxonomy":"category","embeddable":true,"href":"https:\/\/www.epimedsolutions.com\/fr\/wp-json\/wp\/v2\/categories?post=11618"},{"taxonomy":"post_tag","embeddable":true,"href":"https:\/\/www.epimedsolutions.com\/fr\/wp-json\/wp\/v2\/tags?post=11618"}],"curies":[{"name":"wp","href":"https:\/\/api.w.org\/{rel}","templated":true}]}}